{"id":4177,"date":"2022-11-18T18:51:53","date_gmt":"2022-11-18T17:51:53","guid":{"rendered":"https:\/\/www.obisualmedia.com\/magma-la-doble-cara-documental\/"},"modified":"2022-11-25T18:18:33","modified_gmt":"2022-11-25T17:18:33","slug":"magma-la-doble-cara-documental","status":"publish","type":"post","link":"https:\/\/www.obisualmedia.com\/es\/magma-la-doble-cara-documental\/","title":{"rendered":"MAGMA LA DOBLE CARA Tr\u00e0iler"},"content":{"rendered":"\t\t<div data-elementor-type=\"wp-post\" data-elementor-id=\"4177\" class=\"elementor elementor-4177 elementor-4143\">\n\t\t\t\t\t\t<section class=\"jarallax lazyload elementor-section elementor-top-section elementor-element elementor-element-1337b58 elementor-section-boxed elementor-section-height-default elementor-section-height-default\" data-jarallax=\"\" data-speed=\"0.75\" data-type=\"scroll\" data-parallax=\"scroll\" style=\"background-image:url(&quot;https:\/\/www.obisualmedia.com\/wp-content\/uploads\/2022\/11\/Captura-Promo-MAGMA-min.jpg&quot;);\" data-image-src=\"https:\/\/www.obisualmedia.com\/wp-content\/uploads\/2022\/11\/Captura-Promo-MAGMA-min.jpg\" data-id=\"1337b58\" data-element_type=\"section\" data-settings=\"{&quot;background_background&quot;:&quot;classic&quot;}\">\n\t\t\t\t\t\t\t<div class=\"elementor-background-overlay\"><\/div>\n\t\t\t\t\t\t\t<div class=\"elementor-container elementor-column-gap-default\">\n\t\t\t\t\t<div class=\"elementor-column elementor-col-100 elementor-top-column elementor-element elementor-element-367c004\" data-id=\"367c004\" data-element_type=\"column\">\n\t\t\t<div class=\"elementor-widget-wrap elementor-element-populated\">\n\t\t\t\t\t\t<div class=\"elementor-element elementor-element-4c6290a section-align-center section-align-center elementor-widget elementor-widget-post-heading\" data-id=\"4c6290a\" data-element_type=\"widget\" data-widget_type=\"post-heading.default\">\n\t\t\t\t<div class=\"elementor-widget-container\">\n\t\t\t\t\t<div class=\"post-heading section-heading headingstyle-default is-animation-group\"><h3 class=\"entry-title section-title\">MAGMA LA DOBLE CARA Tr\u00e0iler<\/h3><div class=\"section-description section-date clearfix\"><div class=\"section-description-inner\">18\/11\/2022<\/div><\/div><\/div>\t\t\t\t<\/div>\n\t\t\t\t<\/div>\n\t\t\t\t\t<\/div>\n\t\t<\/div>\n\t\t\t\t\t<\/div>\n\t\t<\/section>\n\t\t\t\t<section class=\"elementor-section elementor-top-section elementor-element elementor-element-7c8b57f elementor-section-boxed elementor-section-height-default elementor-section-height-default\" data-id=\"7c8b57f\" data-element_type=\"section\">\n\t\t\t\t\t\t<div class=\"elementor-container elementor-column-gap-no\">\n\t\t\t\t\t<div class=\"elementor-column elementor-col-100 elementor-top-column elementor-element elementor-element-badb138\" data-id=\"badb138\" data-element_type=\"column\">\n\t\t\t<div class=\"elementor-widget-wrap elementor-element-populated\">\n\t\t\t\t\t\t<div class=\"elementor-element elementor-element-bb7269c elementor-invisible elementor-widget elementor-widget-text-editor\" data-id=\"bb7269c\" data-element_type=\"widget\" data-settings=\"{&quot;_animation&quot;:&quot;fadeIn&quot;,&quot;_animation_delay&quot;:300}\" data-widget_type=\"text-editor.default\">\n\t\t\t\t<div class=\"elementor-widget-container\">\n\t\t\t\t\t\t\t\t\t<h1 style=\"text-align: center;\">MAGMA LA DOBLE CARA<\/h1>\n<h2 style=\"text-align: center;\">DOCUMENTAL<\/h2>\n<p><\/p>\n<p style=\"text-align: center;\"><strong>MAGMA LA DOBLE CARA<\/strong> \u00e9s un documental realitzat des de la mirada i la idea original dels fotoperiodistes <strong>David Melero<\/strong> i <strong>Jordi Costa<\/strong> amb el pilot de dron <strong>Carles Rabad\u00e0<\/strong>.<\/p>\n<p style=\"text-align: center;\">L&#8217;edici\u00f3 del v\u00eddeo i l&#8217;etalonatge ha anat a c\u00e0rrec de <strong>Marc Obiols<\/strong> de <em><strong>Obisual Media<\/strong><\/em>.&nbsp;<\/p>\n<p style=\"text-align: center;\"><strong>Aqu\u00ed podeu veure el tr\u00e0iler;<\/strong><\/p>\t\t\t\t\t\t\t\t<\/div>\n\t\t\t\t<\/div>\n\t\t\t\t<div class=\"elementor-element elementor-element-2a7cbb8 elementor-widget elementor-widget-video\" data-id=\"2a7cbb8\" data-element_type=\"widget\" data-settings=\"{&quot;youtube_url&quot;:&quot;https:\\\/\\\/youtu.be\\\/mSzAqSLNU6w&quot;,&quot;video_type&quot;:&quot;youtube&quot;,&quot;controls&quot;:&quot;yes&quot;}\" data-widget_type=\"video.default\">\n\t\t\t\t<div class=\"elementor-widget-container\">\n\t\t\t\t\t\t\t<div class=\"elementor-wrapper elementor-open-inline\">\n\t\t\t<div class=\"elementor-video\"><\/div>\t\t<\/div>\n\t\t\t\t\t\t<\/div>\n\t\t\t\t<\/div>\n\t\t\t\t<div class=\"elementor-element elementor-element-4edf2b0 elementor-invisible elementor-widget elementor-widget-text-editor\" data-id=\"4edf2b0\" data-element_type=\"widget\" data-settings=\"{&quot;_animation&quot;:&quot;fadeIn&quot;,&quot;_animation_delay&quot;:300}\" data-widget_type=\"text-editor.default\">\n\t\t\t\t<div class=\"elementor-widget-container\">\n\t\t\t\t\t\t\t\t\t<h3 style=\"text-align: center;\"><span style=\"font-size: 16px; letter-spacing: 0px;\">COM VA SER<\/span><\/h3>\n<p style=\"text-align: center;\"><span style=\"font-size: 16px; letter-spacing: 0px;\">Durant els sis viatges que van fer a l&#8217;illa de <\/span><strong style=\"font-size: 16px; letter-spacing: 0px;\">La Palma<\/strong><span style=\"font-size: 16px; letter-spacing: 0px;\">, a les <\/span><strong style=\"font-size: 16px; letter-spacing: 0px;\">Can\u00e0ries<\/strong><span style=\"font-size: 16px; letter-spacing: 0px;\">, van anar recollint el testimoni que narra de primera m\u00e0 la cat\u00e0strofe natural de l&#8217;erupci\u00f3 del volc\u00e0 <\/span><strong style=\"font-size: 16px; letter-spacing: 0px;\">Tajogaite<\/strong><span style=\"font-size: 16px; letter-spacing: 0px;\">, m\u00e9s conegut com a \u00ab<\/span><strong style=\"font-size: 16px; letter-spacing: 0px;\">Cumbre Vieja<\/strong><span style=\"font-size: 16px; letter-spacing: 0px;\">\u00ab.<\/span><\/p>\n<p style=\"text-align: center;\">Durant aquests viatges van gravar imatges en format v\u00eddeo amb c\u00e0mera de terra i amb dron des de l&#8217;aire. Aix\u00ed van poder seguir l&#8217;evoluci\u00f3 de les colades que baixaven des del volc\u00e0 fins al mar. Des de l&#8217;inici i fins al final dels <strong>85 dies<\/strong> que va durar l&#8217;episodi van anar recollint el testimoni de les persones residents de l&#8217;illa en format entrevista.<\/p>\n<p style=\"text-align: center;\">Les imatges \u00e8piques del magma, la cendra i el fum contrasten amb les veus de qui ho han patit des del primer dia.<\/p>\n<p style=\"text-align: center;\">Amb una durada de 35 minuts, <strong>MAGMA LA DOBLE CARA<\/strong> preten sacsejar la consci\u00e8ncia de l&#8217;espectador, donar-li un espai de reflexi\u00f3 davant la meravella que correspon l&#8217;enorme poder de la natura i sobretot la tasca de <strong>donar veu als oblidats.<\/strong><\/p>\n<p style=\"text-align: center;\"><strong style=\"font-size: 16px; letter-spacing: 0px;\">&nbsp;<\/strong><\/p>\n<p style=\"text-align: center;\"><strong>L&#8217;estrena del documental <\/strong>\u00e9s el <strong>dissabte 03 de desembre de 2022 <\/strong>a les<strong> 20h <\/strong>al<strong> Centre Excrusionsita de Molins de Rei. <\/strong>Amb<strong> ENTRADA LLIURE.<\/strong><\/p>\n<p style=\"text-align: center;\"><strong><br><\/strong><\/p>\n<p style=\"text-align: center;\"><strong><br><\/strong><\/p>\n<p style=\"font-weight: 400; font-style: normal; font-size: 16px; font-family: jost, Helvetica, Arial, sans-serif; text-align: center;\"><span style=\"font-weight: 500; font-size: 16px;\">AQU\u00cd PODEU TROBAR EL WEB DEL PROJECTE;<\/span><\/p>\n<div><span style=\"font-weight: 500; font-size: 16px;\"><br><\/span><\/div>\t\t\t\t\t\t\t\t<\/div>\n\t\t\t\t<\/div>\n\t\t\t\t<div class=\"elementor-element elementor-element-f976cb4 elementor-align-center elementor-widget elementor-widget-button\" data-id=\"f976cb4\" data-element_type=\"widget\" data-widget_type=\"button.default\">\n\t\t\t\t<div class=\"elementor-widget-container\">\n\t\t\t\t\t\t\t\t\t<div class=\"elementor-button-wrapper\">\n\t\t\t\t\t<a class=\"elementor-button elementor-button-link elementor-size-xl\" href=\"https:\/\/el-documental-magma.myshopify.com\/ca\" rel=\"nofollow noopener\" target=\"_blank\">\n\t\t\t\t\t\t<span class=\"elementor-button-content-wrapper\">\n\t\t\t\t\t\t<span class=\"elementor-button-icon\">\n\t\t\t\t<i aria-hidden=\"true\" class=\"fas fa-fire\"><\/i>\t\t\t<\/span>\n\t\t\t\t\t\t\t\t\t<span class=\"elementor-button-text\">Feu clic aqu\u00ed<\/span>\n\t\t\t\t\t<\/span>\n\t\t\t\t\t<\/a>\n\t\t\t\t<\/div>\n\t\t\t\t\t\t\t\t<\/div>\n\t\t\t\t<\/div>\n\t\t\t\t\t<\/div>\n\t\t<\/div>\n\t\t\t\t\t<\/div>\n\t\t<\/section>\n\t\t\t\t<section class=\"elementor-section elementor-top-section elementor-element elementor-element-c27329e elementor-section-boxed elementor-section-height-default elementor-section-height-default\" data-id=\"c27329e\" data-element_type=\"section\">\n\t\t\t\t\t\t<div class=\"elementor-container elementor-column-gap-default\">\n\t\t\t\t\t<div class=\"elementor-column elementor-col-100 elementor-top-column elementor-element elementor-element-1b07dad\" data-id=\"1b07dad\" data-element_type=\"column\">\n\t\t\t<div class=\"elementor-widget-wrap elementor-element-populated\">\n\t\t\t\t\t\t<div class=\"elementor-element elementor-element-bae587b elementor-invisible elementor-widget elementor-widget-text-editor\" data-id=\"bae587b\" data-element_type=\"widget\" data-settings=\"{&quot;_animation&quot;:&quot;fadeIn&quot;,&quot;_animation_delay&quot;:300}\" data-widget_type=\"text-editor.default\">\n\t\t\t\t<div class=\"elementor-widget-container\">\n\t\t\t\t\t\t\t\t\t<p>Aquesta \u00e9s una <strong>captura de pantalla<\/strong> del timeline del projecte;<\/p>\t\t\t\t\t\t\t\t<\/div>\n\t\t\t\t<\/div>\n\t\t\t\t<div class=\"elementor-element elementor-element-cb2087e elementor-widget elementor-widget-image\" data-id=\"cb2087e\" data-element_type=\"widget\" data-widget_type=\"image.default\">\n\t\t\t\t<div class=\"elementor-widget-container\">\n\t\t\t\t\t\t\t\t\t\t\t\t\t\t\t<img fetchpriority=\"high\" decoding=\"async\" width=\"960\" height=\"502\" src=\"https:\/\/www.obisualmedia.com\/wp-content\/uploads\/2022\/11\/Captura-Promo-MAGMA-min-1024x535.jpg\" class=\"attachment-large size-large wp-image-4145\" alt=\"MAGMA Documental\" srcset=\"https:\/\/www.obisualmedia.com\/wp-content\/uploads\/2022\/11\/Captura-Promo-MAGMA-min-1024x535.jpg 1024w, https:\/\/www.obisualmedia.com\/wp-content\/uploads\/2022\/11\/Captura-Promo-MAGMA-min-300x157.jpg 300w, https:\/\/www.obisualmedia.com\/wp-content\/uploads\/2022\/11\/Captura-Promo-MAGMA-min-768x401.jpg 768w, https:\/\/www.obisualmedia.com\/wp-content\/uploads\/2022\/11\/Captura-Promo-MAGMA-min-1536x803.jpg 1536w, https:\/\/www.obisualmedia.com\/wp-content\/uploads\/2022\/11\/Captura-Promo-MAGMA-min-2048x1071.jpg 2048w, https:\/\/www.obisualmedia.com\/wp-content\/uploads\/2022\/11\/Captura-Promo-MAGMA-min-1400x732.jpg 1400w, https:\/\/www.obisualmedia.com\/wp-content\/uploads\/2022\/11\/Captura-Promo-MAGMA-min-800x418.jpg 800w\" sizes=\"(max-width: 960px) 100vw, 960px\" \/>\t\t\t\t\t\t\t\t\t\t\t\t\t\t\t<\/div>\n\t\t\t\t<\/div>\n\t\t\t\t\t<\/div>\n\t\t<\/div>\n\t\t\t\t\t<\/div>\n\t\t<\/section>\n\t\t\t\t<\/div>\n\t\t","protected":false},"excerpt":{"rendered":"<p>Aquest documental \u00e9s el fruit de la nostra trobada amb els habitants de La Palma i la veritable realitat de l&#8217;erupci\u00f3 del volc\u00e0 Tajogaite.<\/p>\n","protected":false},"author":1,"featured_media":4145,"comment_status":"open","ping_status":"closed","sticky":false,"template":"","format":"standard","meta":{"footnotes":""},"categories":[44,62],"tags":[63,64,65,66,67,68,69,70,71,72,73,74],"class_list":["post-4177","post","type-post","status-publish","format-standard","has-post-thumbnail","hentry","category-obisualmedia","category-documental-2-es","tag-canarias-es","tag-dji-es","tag-dji-global-es","tag-dji-mini-3-es","tag-documental-es","tag-final-cut-pro-x-es","tag-islas-canarias-es","tag-la-palma-es","tag-magma-es","tag-video-es","tag-volcanic-es","tag-volcano-es"],"acf":[],"_links":{"self":[{"href":"https:\/\/www.obisualmedia.com\/es\/wp-json\/wp\/v2\/posts\/4177","targetHints":{"allow":["GET"]}}],"collection":[{"href":"https:\/\/www.obisualmedia.com\/es\/wp-json\/wp\/v2\/posts"}],"about":[{"href":"https:\/\/www.obisualmedia.com\/es\/wp-json\/wp\/v2\/types\/post"}],"author":[{"embeddable":true,"href":"https:\/\/www.obisualmedia.com\/es\/wp-json\/wp\/v2\/users\/1"}],"replies":[{"embeddable":true,"href":"https:\/\/www.obisualmedia.com\/es\/wp-json\/wp\/v2\/comments?post=4177"}],"version-history":[{"count":1,"href":"https:\/\/www.obisualmedia.com\/es\/wp-json\/wp\/v2\/posts\/4177\/revisions"}],"predecessor-version":[{"id":4178,"href":"https:\/\/www.obisualmedia.com\/es\/wp-json\/wp\/v2\/posts\/4177\/revisions\/4178"}],"wp:featuredmedia":[{"embeddable":true,"href":"https:\/\/www.obisualmedia.com\/es\/wp-json\/wp\/v2\/media\/4145"}],"wp:attachment":[{"href":"https:\/\/www.obisualmedia.com\/es\/wp-json\/wp\/v2\/media?parent=4177"}],"wp:term":[{"taxonomy":"category","embeddable":true,"href":"https:\/\/www.obisualmedia.com\/es\/wp-json\/wp\/v2\/categories?post=4177"},{"taxonomy":"post_tag","embeddable":true,"href":"https:\/\/www.obisualmedia.com\/es\/wp-json\/wp\/v2\/tags?post=4177"}],"curies":[{"name":"wp","href":"https:\/\/api.w.org\/{rel}","templated":true}]}}