{"id":3911,"date":"2022-03-02T05:17:11","date_gmt":"2022-03-02T04:17:11","guid":{"rendered":"https:\/\/www.obisualmedia.com\/meteorologia-passio-necessitat\/"},"modified":"2022-09-22T19:21:42","modified_gmt":"2022-09-22T17:21:42","slug":"meteorologia-pasion-necesidad","status":"publish","type":"post","link":"https:\/\/www.obisualmedia.com\/es\/meteorologia-pasion-necesidad\/","title":{"rendered":"Meteorolog\u00eda, entre pasi\u00f3n y necesidad"},"content":{"rendered":"\t\t<div data-elementor-type=\"wp-post\" data-elementor-id=\"3911\" class=\"elementor elementor-3911 elementor-939\">\n\t\t\t\t\t\t<section class=\"jarallax lazyload elementor-section elementor-top-section elementor-element elementor-element-e7dd8b5 elementor-section-boxed elementor-section-height-default elementor-section-height-default\" data-jarallax=\"\" data-speed=\"0.75\" data-type=\"scroll\" data-parallax=\"scroll\" style=\"background-image:url(&quot;https:\/\/www.obisualmedia.com\/wp-content\/uploads\/2019\/03\/cadi.jpg&quot;);\" data-image-src=\"https:\/\/www.obisualmedia.com\/wp-content\/uploads\/2019\/03\/cadi.jpg\" data-id=\"e7dd8b5\" data-element_type=\"section\" data-settings=\"{&quot;background_background&quot;:&quot;classic&quot;}\">\n\t\t\t\t\t\t\t<div class=\"elementor-background-overlay\"><\/div>\n\t\t\t\t\t\t\t<div class=\"elementor-container elementor-column-gap-default\">\n\t\t\t\t\t<div class=\"elementor-column elementor-col-100 elementor-top-column elementor-element elementor-element-899bb62\" data-id=\"899bb62\" data-element_type=\"column\">\n\t\t\t<div class=\"elementor-widget-wrap elementor-element-populated\">\n\t\t\t\t\t\t<div class=\"elementor-element elementor-element-042ee52 section-align-center elementor-widget elementor-widget-post-heading\" data-id=\"042ee52\" data-element_type=\"widget\" data-widget_type=\"post-heading.default\">\n\t\t\t\t<div class=\"elementor-widget-container\">\n\t\t\t\t\t<div class=\"post-heading section-heading headingstyle-default is-animation-group\"><h3 class=\"entry-title section-title\">Meteorolog\u00eda, entre pasi\u00f3n y necesidad<\/h3><div class=\"section-description section-date clearfix\"><div class=\"section-description-inner\">02\/03\/2022<\/div><\/div><\/div>\t\t\t\t<\/div>\n\t\t\t\t<\/div>\n\t\t\t\t\t<\/div>\n\t\t<\/div>\n\t\t\t\t\t<\/div>\n\t\t<\/section>\n\t\t\t\t<section class=\"elementor-section elementor-top-section elementor-element elementor-element-128df77 elementor-section-boxed elementor-section-height-default elementor-section-height-default\" data-id=\"128df77\" data-element_type=\"section\">\n\t\t\t\t\t\t<div class=\"elementor-container elementor-column-gap-no\">\n\t\t\t\t\t<div class=\"elementor-column elementor-col-100 elementor-top-column elementor-element elementor-element-dab3ea3\" data-id=\"dab3ea3\" data-element_type=\"column\">\n\t\t\t<div class=\"elementor-widget-wrap elementor-element-populated\">\n\t\t\t\t\t\t<div class=\"elementor-element elementor-element-07cd4e3 elementor-invisible elementor-widget elementor-widget-text-editor\" data-id=\"07cd4e3\" data-element_type=\"widget\" data-settings=\"{&quot;_animation&quot;:&quot;fadeIn&quot;,&quot;_animation_delay&quot;:300}\" data-widget_type=\"text-editor.default\">\n\t\t\t\t<div class=\"elementor-widget-container\">\n\t\t\t\t\t\t\t\t\t<h3>Volver a los or\u00edgenes<\/h3><p>Desde siempre me ha cautivado la meteorolog\u00eda. Sus fen\u00f3menos, la nieve, la lluvia, la niebla&#8230; una serie de maravillas de nuestro planeta.<\/p><p>Las puestas de sol, las formas de las nubes, los r\u00edos y fuentes bien heladas&#8230;<\/p><p>Por esta fascinaci\u00f3n siempre he fotografiado la meteorolog\u00eda y si tambi\u00e9n te gusta, os animo a seguirme en las redes sociales. \u00a1Donde podr\u00e1s encontrar mucha naturaleza!<\/p><p>Puede seguirme en:<\/p>\t\t\t\t\t\t\t\t<\/div>\n\t\t\t\t<\/div>\n\t\t\t\t<section class=\"elementor-section elementor-inner-section elementor-element elementor-element-c991442 elementor-section-boxed elementor-section-height-default elementor-section-height-default\" data-id=\"c991442\" data-element_type=\"section\">\n\t\t\t\t\t\t<div class=\"elementor-container elementor-column-gap-default\">\n\t\t\t\t\t<div class=\"elementor-column elementor-col-100 elementor-inner-column elementor-element elementor-element-1072fa6\" data-id=\"1072fa6\" data-element_type=\"column\">\n\t\t\t<div class=\"elementor-widget-wrap elementor-element-populated\">\n\t\t\t\t\t\t<div class=\"elementor-element elementor-element-73f933c elementor-align-left elementor-widget elementor-widget-button\" data-id=\"73f933c\" data-element_type=\"widget\" data-widget_type=\"button.default\">\n\t\t\t\t<div class=\"elementor-widget-container\">\n\t\t\t\t\t\t\t\t\t<div class=\"elementor-button-wrapper\">\n\t\t\t\t\t<a class=\"elementor-button elementor-button-link elementor-size-md\" href=\"https:\/\/twitter.com\/marcverum\" target=\"_blank\" rel=\"nofollow noopener\">\n\t\t\t\t\t\t<span class=\"elementor-button-content-wrapper\">\n\t\t\t\t\t\t<span class=\"elementor-button-icon\">\n\t\t\t\t<i aria-hidden=\"true\" class=\"fab fa-twitter\"><\/i>\t\t\t<\/span>\n\t\t\t\t\t\t\t\t\t<span class=\"elementor-button-text\">Twitter @marcverum<\/span>\n\t\t\t\t\t<\/span>\n\t\t\t\t\t<\/a>\n\t\t\t\t<\/div>\n\t\t\t\t\t\t\t\t<\/div>\n\t\t\t\t<\/div>\n\t\t\t\t<div class=\"elementor-element elementor-element-207256c elementor-align-left elementor-widget elementor-widget-button\" data-id=\"207256c\" data-element_type=\"widget\" data-widget_type=\"button.default\">\n\t\t\t\t<div class=\"elementor-widget-container\">\n\t\t\t\t\t\t\t\t\t<div class=\"elementor-button-wrapper\">\n\t\t\t\t\t<a class=\"elementor-button elementor-button-link elementor-size-md\" href=\"https:\/\/www.instagram.com\/marcverum\/\" target=\"_blank\" rel=\"nofollow noopener\">\n\t\t\t\t\t\t<span class=\"elementor-button-content-wrapper\">\n\t\t\t\t\t\t<span class=\"elementor-button-icon\">\n\t\t\t\t<i aria-hidden=\"true\" class=\"fab fa-instagram\"><\/i>\t\t\t<\/span>\n\t\t\t\t\t\t\t\t\t<span class=\"elementor-button-text\">Instagram @marcverum<\/span>\n\t\t\t\t\t<\/span>\n\t\t\t\t\t<\/a>\n\t\t\t\t<\/div>\n\t\t\t\t\t\t\t\t<\/div>\n\t\t\t\t<\/div>\n\t\t\t\t\t<\/div>\n\t\t<\/div>\n\t\t\t\t\t<\/div>\n\t\t<\/section>\n\t\t\t\t\t<\/div>\n\t\t<\/div>\n\t\t\t\t\t<\/div>\n\t\t<\/section>\n\t\t\t\t<section class=\"elementor-section elementor-top-section elementor-element elementor-element-4858f0b elementor-section-full_width elementor-section-height-default elementor-section-height-default\" data-id=\"4858f0b\" data-element_type=\"section\">\n\t\t\t\t\t\t<div class=\"elementor-container elementor-column-gap-no\">\n\t\t\t\t\t<div class=\"elementor-column elementor-col-100 elementor-top-column elementor-element elementor-element-66ec634\" data-id=\"66ec634\" data-element_type=\"column\">\n\t\t\t<div class=\"elementor-widget-wrap elementor-element-populated\">\n\t\t\t\t\t\t<div class=\"elementor-element elementor-element-b649f6c elementor-widget elementor-widget-image\" data-id=\"b649f6c\" data-element_type=\"widget\" data-widget_type=\"image.default\">\n\t\t\t\t<div class=\"elementor-widget-container\">\n\t\t\t\t\t\t\t\t\t\t\t\t\t\t\t<img fetchpriority=\"high\" decoding=\"async\" width=\"1920\" height=\"736\" src=\"https:\/\/www.obisualmedia.com\/wp-content\/uploads\/2019\/03\/cadi.jpg\" class=\"attachment-full size-full wp-image-3018\" alt=\"Meteorologia, entre passi\u00f3 i necessitat\" srcset=\"https:\/\/www.obisualmedia.com\/wp-content\/uploads\/2019\/03\/cadi.jpg 1920w, https:\/\/www.obisualmedia.com\/wp-content\/uploads\/2019\/03\/cadi-300x115.jpg 300w, https:\/\/www.obisualmedia.com\/wp-content\/uploads\/2019\/03\/cadi-1024x393.jpg 1024w, https:\/\/www.obisualmedia.com\/wp-content\/uploads\/2019\/03\/cadi-768x294.jpg 768w, https:\/\/www.obisualmedia.com\/wp-content\/uploads\/2019\/03\/cadi-1536x589.jpg 1536w, https:\/\/www.obisualmedia.com\/wp-content\/uploads\/2019\/03\/cadi-1400x537.jpg 1400w, https:\/\/www.obisualmedia.com\/wp-content\/uploads\/2019\/03\/cadi-800x307.jpg 800w, https:\/\/www.obisualmedia.com\/wp-content\/uploads\/2019\/03\/cadi-600x230.jpg 600w\" sizes=\"(max-width: 1920px) 100vw, 1920px\" \/>\t\t\t\t\t\t\t\t\t\t\t\t\t\t\t<\/div>\n\t\t\t\t<\/div>\n\t\t\t\t\t<\/div>\n\t\t<\/div>\n\t\t\t\t\t<\/div>\n\t\t<\/section>\n\t\t\t\t<\/div>\n\t\t","protected":false},"excerpt":{"rendered":"<p>Des de sempre m\u2019ha captivat la meteorologia. Els seus fen\u00f2mens, la neu, la pluja, la boira\u2026 tot un seguit de meravelles del nostre planeta.<\/p>\n","protected":false},"author":1,"featured_media":3023,"comment_status":"open","ping_status":"open","sticky":false,"template":"","format":"standard","meta":{"footnotes":""},"categories":[45],"tags":[],"class_list":["post-3911","post","type-post","status-publish","format-standard","has-post-thumbnail","hentry","category-marc-obiols"],"acf":[],"_links":{"self":[{"href":"https:\/\/www.obisualmedia.com\/es\/wp-json\/wp\/v2\/posts\/3911","targetHints":{"allow":["GET"]}}],"collection":[{"href":"https:\/\/www.obisualmedia.com\/es\/wp-json\/wp\/v2\/posts"}],"about":[{"href":"https:\/\/www.obisualmedia.com\/es\/wp-json\/wp\/v2\/types\/post"}],"author":[{"embeddable":true,"href":"https:\/\/www.obisualmedia.com\/es\/wp-json\/wp\/v2\/users\/1"}],"replies":[{"embeddable":true,"href":"https:\/\/www.obisualmedia.com\/es\/wp-json\/wp\/v2\/comments?post=3911"}],"version-history":[{"count":7,"href":"https:\/\/www.obisualmedia.com\/es\/wp-json\/wp\/v2\/posts\/3911\/revisions"}],"predecessor-version":[{"id":4074,"href":"https:\/\/www.obisualmedia.com\/es\/wp-json\/wp\/v2\/posts\/3911\/revisions\/4074"}],"wp:featuredmedia":[{"embeddable":true,"href":"https:\/\/www.obisualmedia.com\/es\/wp-json\/wp\/v2\/media\/3023"}],"wp:attachment":[{"href":"https:\/\/www.obisualmedia.com\/es\/wp-json\/wp\/v2\/media?parent=3911"}],"wp:term":[{"taxonomy":"category","embeddable":true,"href":"https:\/\/www.obisualmedia.com\/es\/wp-json\/wp\/v2\/categories?post=3911"},{"taxonomy":"post_tag","embeddable":true,"href":"https:\/\/www.obisualmedia.com\/es\/wp-json\/wp\/v2\/tags?post=3911"}],"curies":[{"name":"wp","href":"https:\/\/api.w.org\/{rel}","templated":true}]}}